{"id":1090,"date":"2016-12-10T00:08:48","date_gmt":"2016-12-09T23:08:48","guid":{"rendered":"http:\/\/stop-vivisection.be\/?p=1090"},"modified":"2016-12-10T00:08:48","modified_gmt":"2016-12-09T23:08:48","slug":"le-6-decembre-2016-andre-menache-etait-au-parlement-europeen","status":"publish","type":"post","link":"https:\/\/stop-vivisection.be\/index.php\/2016\/12\/10\/le-6-decembre-2016-andre-menache-etait-au-parlement-europeen\/","title":{"rendered":"Le 6 d\u00e9cembre 2016, Andr\u00e9 M\u00e9nache \u00e9tait au Parlement europ\u00e9en."},"content":{"rendered":"<figure id=\"attachment_1933\" aria-describedby=\"caption-attachment-1933\" style=\"width: 264px\" class=\"wp-caption alignleft\"><img fetchpriority=\"high\" decoding=\"async\" class=\"wp-image-1933 size-full\" src=\"http:\/\/www.apla.esy.es\/wp-content\/uploads\/2016\/12\/AdreMenache2016dec.jpg\" width=\"264\" height=\"235\" \/><figcaption id=\"caption-attachment-1933\" class=\"wp-caption-text\">Docteur Andr\u00e9 M\u00e9nache. N\u00e9 en Belgique en 1954, Andr\u00e9 M\u00e9nache a obtenu en 1980, en Afrique du Sud, son dipl\u00f4me de m\u00e9decin v\u00e9t\u00e9rinaire. En 1999, il proposait une modification \u00e0 la D\u00e9claration d\u2019Helsinki afin de promouvoir le remplacement des tests sur animaux. Cette proposition a \u00e9t\u00e9 accept\u00e9e au sein de l\u2019assembl\u00e9e g\u00e9n\u00e9rale de l\u2019Association M\u00e9dicale Mondiale et, par la suite, incorpor\u00e9e \u00e0 ce document. Le Docteur M\u00e9nache a \u00e9t\u00e9 pr\u00e9sident de l\u2019association britannique Doctors and Lawyers for Responsible Medicine, puis conseiller scientifique pour l\u2019association Animal Aid, \u00e9galement britannique, avant de rejoindre Antidote Europe en tant que Directeur ex\u00e9cutif.<\/figcaption><\/figure>\n<p>Le 6 d\u00e9cembre 2016, Andr\u00e9 M\u00e9nache \u00e9tait au Parlement europ\u00e9en pour participer \u00e0 la Contre-conf\u00e9rence Stop Vivisection, r\u00e9pondant \u00e0 la conf\u00e9rence sur les m\u00e9thodes alternatives, organis\u00e9e par la Commission europ\u00e9enne. Le positionnement de cette derni\u00e8re avait \u00e9t\u00e9 jug\u00e9 \u00ab\u00a0flou et trompeur\u00a0\u00bb par les organisateurs de l&rsquo;initiative citoyenne europ\u00e9enne Stop Vivisection, qui avaient annonc\u00e9 qu&rsquo;ils n&rsquo;y participeraient pas (<a href=\"http:\/\/antidote-europe.org\/\" target=\"_blank\" rel=\"nofollow\">http:\/\/antidote-europe.org\/<\/a> stop-vivisection-ne- participera-a-co<span class=\"text_exposed_show\">nference- organisee-commission- europeenne\/). La Contre-conf\u00e9rence a permis de mettre en \u00e9vidence les carences du traitement des initiatives citoyennes par la Commission europ\u00e9enne. Nous remercions les eurod\u00e9put\u00e9s qui ont accueilli et soutenu cette Contre-conf\u00e9rence, notamment Fabio Massimo Castaldo, Stefan Eck, Eleonora Evi, Mich\u00e8le Rivasi et Marco Zullo. Ils nous ont permis de montrer que la campagne Stop Vivisection est toujours vivante, soutenue par des \u00e9lus et qu&rsquo;elle ne se laissera pas museler. D&rsquo;autres informations sur cette Contre-conf\u00e9rence sur <a href=\"http:\/\/antidote-europe.org\/\" target=\"_blank\" rel=\"nofollow\">http:\/\/antidote-europe.org\/<\/a> contre-conference-stop- vivisection\/. Une vid\u00e9o est disponible sur <a href=\"https:\/\/www.youtube.com\/watch?v=ZTQfvbiHrns&amp;feature=youtu.be\" target=\"_blank\">https:\/\/www.youtube.com\/watch? v=ZTQfvbiHrns&amp;feature=youtu.be<\/a> . <a href=\"http:\/\/www.europarl.europa.eu\/news\/en\/news-room\/20150507IPR53142\/agri-envi-itre-peti-11052015-15.00-18.30\" target=\"_blank\">http:\/\/www.europarl.europa.eu\/news\/en\/news-room\/20150507IPR53142\/agri-envi-itre-peti-11052015-15.00-18.30<\/a> . Elle a une dur\u00e9e d&rsquo;environ 3h20 et est pr\u00e9sent\u00e9e en italien. L&rsquo;intervention d&rsquo;Andr\u00e9 M\u00e9nache, directeur d&rsquo;Antidote Europe et repr\u00e9sentant officiel de Stop Vivisection, commence environ \u00e0 la 14\u00e8me minute. \u00ab\u00a0Une r\u00e9ponse plus constructive et d\u00e9mocratique de la Commission europ\u00e9enne aurait \u00e9t\u00e9 de demander au Parlement europ\u00e9en de lancer une commission d&rsquo;enqu\u00eate sur la question de la validit\u00e9 du mod\u00e8le animal pour pr\u00e9dire la r\u00e9ponse humaine aux m\u00e9dicaments et aux maladies\u00a0\u00bb, a d\u00e9clar\u00e9 Andr\u00e9 M\u00e9nache avant de conclure : \u00ab\u00a0J&rsquo;esp\u00e8re que le jour approche o\u00f9 l&rsquo;exp\u00e9rimentation animale sera vue comme le plus grand scandale sanitaire et la plus grande fraude scientifique des temps modernes.\u00a0\u00bb<\/span><\/p>\n<p style=\"text-align: center;\"><iframe src=\"https:\/\/www.youtube.com\/embed\/ZTQfvbiHrns\" width=\"1280\" height=\"720\" frameborder=\"0\" allowfullscreen=\"allowfullscreen\"><\/iframe><\/p>\n<p>Pour la traduction fran\u00e7ais : <a href=\"http:\/\/www.europarl.europa.eu\/news\/en\/news-room\/20150507IPR53142\/html\/AGRI-ENVI-ITRE-PETI-11052015-15.00-18.30\" target=\"_blank\">http:\/\/www.europarl.europa.eu\/news\/en\/news-room\/20150507IPR53142\/html\/AGRI-ENVI-ITRE-PETI-11052015-15.00-18.30<\/a><\/p>\n<div class=\"pvc_clear\"><\/div>\n<p id=\"pvc_stats_1090\" class=\"pvc_stats all  \" data-element-id=\"1090\" style=\"\"><i class=\"pvc-stats-icon medium\" aria-hidden=\"true\"><svg aria-hidden=\"true\" focusable=\"false\" data-prefix=\"far\" data-icon=\"chart-bar\" role=\"img\" xmlns=\"http:\/\/www.w3.org\/2000\/svg\" viewBox=\"0 0 512 512\" class=\"svg-inline--fa fa-chart-bar fa-w-16 fa-2x\"><path fill=\"currentColor\" d=\"M396.8 352h22.4c6.4 0 12.8-6.4 12.8-12.8V108.8c0-6.4-6.4-12.8-12.8-12.8h-22.4c-6.4 0-12.8 6.4-12.8 12.8v230.4c0 6.4 6.4 12.8 12.8 12.8zm-192 0h22.4c6.4 0 12.8-6.4 12.8-12.8V140.8c0-6.4-6.4-12.8-12.8-12.8h-22.4c-6.4 0-12.8 6.4-12.8 12.8v198.4c0 6.4 6.4 12.8 12.8 12.8zm96 0h22.4c6.4 0 12.8-6.4 12.8-12.8V204.8c0-6.4-6.4-12.8-12.8-12.8h-22.4c-6.4 0-12.8 6.4-12.8 12.8v134.4c0 6.4 6.4 12.8 12.8 12.8zM496 400H48V80c0-8.84-7.16-16-16-16H16C7.16 64 0 71.16 0 80v336c0 17.67 14.33 32 32 32h464c8.84 0 16-7.16 16-16v-16c0-8.84-7.16-16-16-16zm-387.2-48h22.4c6.4 0 12.8-6.4 12.8-12.8v-70.4c0-6.4-6.4-12.8-12.8-12.8h-22.4c-6.4 0-12.8 6.4-12.8 12.8v70.4c0 6.4 6.4 12.8 12.8 12.8z\" class=\"\"><\/path><\/svg><\/i> <img decoding=\"async\" width=\"16\" height=\"16\" alt=\"Loading\" src=\"https:\/\/stop-vivisection.be\/wp-content\/plugins\/page-views-count\/ajax-loader-2x.gif\" border=0 \/><\/p>\n<div class=\"pvc_clear\"><\/div>\n","protected":false},"excerpt":{"rendered":"<p>Le 6 d\u00e9cembre 2016, Andr\u00e9 M\u00e9nache \u00e9tait au Parlement europ\u00e9en pour participer \u00e0 la Contre-conf\u00e9rence Stop Vivisection, r\u00e9pondant \u00e0 la<\/p>\n<div class=\"pvc_clear\"><\/div>\n<p id=\"pvc_stats_1090\" class=\"pvc_stats all  \" data-element-id=\"1090\" style=\"\"><i class=\"pvc-stats-icon medium\" aria-hidden=\"true\"><svg aria-hidden=\"true\" focusable=\"false\" data-prefix=\"far\" data-icon=\"chart-bar\" role=\"img\" xmlns=\"http:\/\/www.w3.org\/2000\/svg\" viewBox=\"0 0 512 512\" class=\"svg-inline--fa fa-chart-bar fa-w-16 fa-2x\"><path fill=\"currentColor\" d=\"M396.8 352h22.4c6.4 0 12.8-6.4 12.8-12.8V108.8c0-6.4-6.4-12.8-12.8-12.8h-22.4c-6.4 0-12.8 6.4-12.8 12.8v230.4c0 6.4 6.4 12.8 12.8 12.8zm-192 0h22.4c6.4 0 12.8-6.4 12.8-12.8V140.8c0-6.4-6.4-12.8-12.8-12.8h-22.4c-6.4 0-12.8 6.4-12.8 12.8v198.4c0 6.4 6.4 12.8 12.8 12.8zm96 0h22.4c6.4 0 12.8-6.4 12.8-12.8V204.8c0-6.4-6.4-12.8-12.8-12.8h-22.4c-6.4 0-12.8 6.4-12.8 12.8v134.4c0 6.4 6.4 12.8 12.8 12.8zM496 400H48V80c0-8.84-7.16-16-16-16H16C7.16 64 0 71.16 0 80v336c0 17.67 14.33 32 32 32h464c8.84 0 16-7.16 16-16v-16c0-8.84-7.16-16-16-16zm-387.2-48h22.4c6.4 0 12.8-6.4 12.8-12.8v-70.4c0-6.4-6.4-12.8-12.8-12.8h-22.4c-6.4 0-12.8 6.4-12.8 12.8v70.4c0 6.4 6.4 12.8 12.8 12.8z\" class=\"\"><\/path><\/svg><\/i> <img decoding=\"async\" width=\"16\" height=\"16\" alt=\"Loading\" src=\"https:\/\/stop-vivisection.be\/wp-content\/plugins\/page-views-count\/ajax-loader-2x.gif\" border=0 \/><\/p>\n<div class=\"pvc_clear\"><\/div>\n","protected":false},"author":2,"featured_media":1091,"comment_status":"open","ping_status":"open","sticky":false,"template":"","format":"standard","meta":{"colormag_page_container_layout":"default_layout","colormag_page_sidebar_layout":"default_layout","footnotes":""},"categories":[16,1],"tags":[],"class_list":["post-1090","post","type-post","status-publish","format-standard","has-post-thumbnail","hentry","category-antidote-europe","category-presse"],"_links":{"self":[{"href":"https:\/\/stop-vivisection.be\/index.php\/wp-json\/wp\/v2\/posts\/1090"}],"collection":[{"href":"https:\/\/stop-vivisection.be\/index.php\/wp-json\/wp\/v2\/posts"}],"about":[{"href":"https:\/\/stop-vivisection.be\/index.php\/wp-json\/wp\/v2\/types\/post"}],"author":[{"embeddable":true,"href":"https:\/\/stop-vivisection.be\/index.php\/wp-json\/wp\/v2\/users\/2"}],"replies":[{"embeddable":true,"href":"https:\/\/stop-vivisection.be\/index.php\/wp-json\/wp\/v2\/comments?post=1090"}],"version-history":[{"count":1,"href":"https:\/\/stop-vivisection.be\/index.php\/wp-json\/wp\/v2\/posts\/1090\/revisions"}],"predecessor-version":[{"id":1092,"href":"https:\/\/stop-vivisection.be\/index.php\/wp-json\/wp\/v2\/posts\/1090\/revisions\/1092"}],"wp:featuredmedia":[{"embeddable":true,"href":"https:\/\/stop-vivisection.be\/index.php\/wp-json\/wp\/v2\/media\/1091"}],"wp:attachment":[{"href":"https:\/\/stop-vivisection.be\/index.php\/wp-json\/wp\/v2\/media?parent=1090"}],"wp:term":[{"taxonomy":"category","embeddable":true,"href":"https:\/\/stop-vivisection.be\/index.php\/wp-json\/wp\/v2\/categories?post=1090"},{"taxonomy":"post_tag","embeddable":true,"href":"https:\/\/stop-vivisection.be\/index.php\/wp-json\/wp\/v2\/tags?post=1090"}],"curies":[{"name":"wp","href":"https:\/\/api.w.org\/{rel}","templated":true}]}}