{"id":421,"date":"2016-06-12T21:22:39","date_gmt":"2016-06-12T20:22:39","guid":{"rendered":"http:\/\/stop-vivisection.be\/?p=421"},"modified":"2016-06-12T21:22:39","modified_gmt":"2016-06-12T20:22:39","slug":"12-juin-2016-s-e-a-etait-presente-a-la-marche-pour-la-fermeture-des-abattoirs-organisee-a-bruxelles","status":"publish","type":"post","link":"https:\/\/stop-vivisection.be\/index.php\/2016\/06\/12\/12-juin-2016-s-e-a-etait-presente-a-la-marche-pour-la-fermeture-des-abattoirs-organisee-a-bruxelles\/","title":{"rendered":"12 juin 2016, S.E.A. \u00e9tait pr\u00e9sente \u00e0 la \u00ab marche pour la fermeture des abattoirs \u00bb organis\u00e9e \u00e0 Bruxelles"},"content":{"rendered":"<p>Ce dimanche 12 juin 2016, S.E.A. \u00e9tait pr\u00e9sente \u00e0 la \u00ab\u00a0marche pour la fermeture des abattoirs\u00a0\u00bb organis\u00e9e \u00e0 Bruxelles.<\/p>\n<div>Merci \u00e0 tous ceux qui \u00e9taient l\u00e0, sur le terrain, pour dire non \u00e0 la souffrance animale, non \u00e0 l&rsquo;exploitation des animaux, non \u00e0 la mise \u00e0 mort des animaux dans les abattoirs.<\/div>\n<div>Des calicots portaient des slogans tels que : \u00ab\u00a0Qui as-tu mang\u00e9 aujourd&rsquo;hui?\u00a0\u00bb, \u00ab\u00a0Viande=meurtre\u00a0\u00bb, \u00ab\u00a0Les animaux sont mes amis, je ne mange pas mes amis\u00a0\u00bb, \u00ab\u00a0Go vegan\u00a0\u00bb.<\/div>\n<div>Merci \u00e0 d&rsquo;avoir \u00e9t\u00e9 pr\u00e9sents pour les animaux.<\/div>\n<div style=\"text-align: center;\">\n<hr \/>\n<h6 class=\"entry-title\"><span style=\"text-decoration: underline;\">Environ 600 personnes ont march\u00e9 \u00e0 Bruxelles pour la fermeture des abattoirs<\/span><\/h6>\n<p style=\"text-align: left;\">Quelque 600 personnes ont particip\u00e9, dimanche entre 14H00 et 18H00, \u00e0 Bruxelles, \u00e0 la 5e marche mondiale pour la fermeture des abattoirs. Il s\u2019agit de la seconde \u00e9dition belge. Les participants se sont rassembl\u00e9s \u00e0 14H00 devant la gare centrale. Ils ont sillonn\u00e9 le centre au rythme de slogans comme \u00ab Ni dans les frigos, ni sous les couteaux, justice pour les animaux \u00bb. Place de la Monnaie, ils se sont couch\u00e9s au sol au son de cris d\u2019animaux. Ils sont ensuite retourn\u00e9s gare centrale, o\u00f9 un village associatif permettait de d\u00e9couvrir la cuisine v\u00e9g\u00e9tale.<br \/>\nPar cette marche, les organisateurs entendaient d\u00e9noncer les \u00ab conditions inhumaines \u00bb dans les \u00e9levages, les transports, les abattoirs et sur les bateaux de p\u00eache et susciter \u00ab une prise de conscience collective qui m\u00e8nera vers un monde o\u00f9 les \u00eatres humains n\u2019exploiteront plus les animaux et les traiteront comme des cohabitants de la plan\u00e8te \u00bb.<br \/>\n\u00ab Une fois inform\u00e9es, les personnes peuvent faire le choix de ne plus participer \u00e0 ces violences \u00bb, avance Micha\u00ebl Goffaux, porte-parole de l\u2019association Bite Back \u00e0 l\u2019initiative de l\u2019\u00e9v\u00e9nement. \u00ab Il y a aussi un manque d\u2019\u00e9ducation nutritionnelle. On sait aujourd\u2019hui qu\u2019on n\u2019a pas besoin de manger de la viande pour avoir notre apport en prot\u00e9ines. Cette \u00e9volution doit nous amener, \u00e0 travers notre bienveillance et notre altruisme, \u00e0 ne plus exploiter les animaux \u00bb.<br \/>\nSelon Bite Back, le nombre d\u2019animaux terrestres tu\u00e9s pour la consommation s\u2019\u00e9l\u00e8ve \u00e0 plus de 63 milliards chaque ann\u00e9e. Pour les poissons, les estimations montent \u00e0 plus de 1.000 milliards pour la p\u00eache et \u00e0 plus de 80 milliards en \u00e9levage.<\/p>\n<hr \/>\n<\/div>\n<div style=\"text-align: center;\"><iframe src=\"https:\/\/www.youtube.com\/embed\/XuIUl1kfDW8\" width=\"640\" height=\"360\" frameborder=\"0\" allowfullscreen=\"allowfullscreen\"><\/iframe><\/div>\n<div><\/div>\n<div>\n<div id='gallery-1' class='gallery galleryid-421 gallery-columns-5 gallery-size-colormag-featured-image'><figure class='gallery-item'>\n\t\t\t<div class='gallery-icon landscape'>\n\t\t\t\t<a href='https:\/\/stop-vivisection.be\/index.php\/2016\/06\/12\/12-juin-2016-s-e-a-etait-presente-a-la-marche-pour-la-fermeture-des-abattoirs-organisee-a-bruxelles\/13315695_1790239534532192_2759655789077536562_n\/'><img fetchpriority=\"high\" decoding=\"async\" width=\"791\" height=\"445\" src=\"https:\/\/stop-vivisection.be\/wp-content\/uploads\/2016\/06\/13315695_1790239534532192_2759655789077536562_n.jpg\" class=\"attachment-colormag-featured-image size-colormag-featured-image\" alt=\"\" srcset=\"https:\/\/stop-vivisection.be\/wp-content\/uploads\/2016\/06\/13315695_1790239534532192_2759655789077536562_n.jpg 960w, https:\/\/stop-vivisection.be\/wp-content\/uploads\/2016\/06\/13315695_1790239534532192_2759655789077536562_n-300x169.jpg 300w\" sizes=\"(max-width: 791px) 100vw, 791px\" \/><\/a>\n\t\t\t<\/div><\/figure><figure class='gallery-item'>\n\t\t\t<div class='gallery-icon landscape'>\n\t\t\t\t<a href='https:\/\/stop-vivisection.be\/index.php\/2016\/06\/12\/12-juin-2016-s-e-a-etait-presente-a-la-marche-pour-la-fermeture-des-abattoirs-organisee-a-bruxelles\/13344804_1790239371198875_4845109900052955977_n\/'><img decoding=\"async\" width=\"791\" height=\"445\" src=\"https:\/\/stop-vivisection.be\/wp-content\/uploads\/2016\/06\/13344804_1790239371198875_4845109900052955977_n.jpg\" class=\"attachment-colormag-featured-image size-colormag-featured-image\" alt=\"\" srcset=\"https:\/\/stop-vivisection.be\/wp-content\/uploads\/2016\/06\/13344804_1790239371198875_4845109900052955977_n.jpg 960w, https:\/\/stop-vivisection.be\/wp-content\/uploads\/2016\/06\/13344804_1790239371198875_4845109900052955977_n-300x169.jpg 300w\" sizes=\"(max-width: 791px) 100vw, 791px\" \/><\/a>\n\t\t\t<\/div><\/figure><figure class='gallery-item'>\n\t\t\t<div class='gallery-icon landscape'>\n\t\t\t\t<a href='https:\/\/stop-vivisection.be\/index.php\/2016\/06\/12\/12-juin-2016-s-e-a-etait-presente-a-la-marche-pour-la-fermeture-des-abattoirs-organisee-a-bruxelles\/13346588_1790238151198997_9186051292835389811_n\/'><img decoding=\"async\" width=\"791\" height=\"445\" src=\"https:\/\/stop-vivisection.be\/wp-content\/uploads\/2016\/06\/13346588_1790238151198997_9186051292835389811_n.jpg\" class=\"attachment-colormag-featured-image size-colormag-featured-image\" alt=\"\" srcset=\"https:\/\/stop-vivisection.be\/wp-content\/uploads\/2016\/06\/13346588_1790238151198997_9186051292835389811_n.jpg 960w, https:\/\/stop-vivisection.be\/wp-content\/uploads\/2016\/06\/13346588_1790238151198997_9186051292835389811_n-300x169.jpg 300w\" sizes=\"(max-width: 791px) 100vw, 791px\" \/><\/a>\n\t\t\t<\/div><\/figure><figure class='gallery-item'>\n\t\t\t<div class='gallery-icon landscape'>\n\t\t\t\t<a href='https:\/\/stop-vivisection.be\/index.php\/2016\/06\/12\/12-juin-2016-s-e-a-etait-presente-a-la-marche-pour-la-fermeture-des-abattoirs-organisee-a-bruxelles\/13346646_1790238207865658_1861913679183621894_n\/'><img loading=\"lazy\" decoding=\"async\" width=\"791\" height=\"445\" src=\"https:\/\/stop-vivisection.be\/wp-content\/uploads\/2016\/06\/13346646_1790238207865658_1861913679183621894_n.jpg\" class=\"attachment-colormag-featured-image size-colormag-featured-image\" alt=\"\" srcset=\"https:\/\/stop-vivisection.be\/wp-content\/uploads\/2016\/06\/13346646_1790238207865658_1861913679183621894_n.jpg 960w, https:\/\/stop-vivisection.be\/wp-content\/uploads\/2016\/06\/13346646_1790238207865658_1861913679183621894_n-300x169.jpg 300w\" sizes=\"(max-width: 791px) 100vw, 791px\" \/><\/a>\n\t\t\t<\/div><\/figure><figure class='gallery-item'>\n\t\t\t<div class='gallery-icon landscape'>\n\t\t\t\t<a href='https:\/\/stop-vivisection.be\/index.php\/2016\/06\/12\/12-juin-2016-s-e-a-etait-presente-a-la-marche-pour-la-fermeture-des-abattoirs-organisee-a-bruxelles\/13406881_1790238367865642_1948072050229870032_n\/'><img loading=\"lazy\" decoding=\"async\" width=\"791\" height=\"445\" src=\"https:\/\/stop-vivisection.be\/wp-content\/uploads\/2016\/06\/13406881_1790238367865642_1948072050229870032_n.jpg\" class=\"attachment-colormag-featured-image size-colormag-featured-image\" alt=\"\" srcset=\"https:\/\/stop-vivisection.be\/wp-content\/uploads\/2016\/06\/13406881_1790238367865642_1948072050229870032_n.jpg 960w, https:\/\/stop-vivisection.be\/wp-content\/uploads\/2016\/06\/13406881_1790238367865642_1948072050229870032_n-300x169.jpg 300w\" sizes=\"(max-width: 791px) 100vw, 791px\" \/><\/a>\n\t\t\t<\/div><\/figure><figure class='gallery-item'>\n\t\t\t<div class='gallery-icon portrait'>\n\t\t\t\t<a href='https:\/\/stop-vivisection.be\/index.php\/2016\/06\/12\/12-juin-2016-s-e-a-etait-presente-a-la-marche-pour-la-fermeture-des-abattoirs-organisee-a-bruxelles\/13407204_1790238421198970_713827810395082103_n\/'><img loading=\"lazy\" decoding=\"async\" width=\"245\" height=\"445\" src=\"https:\/\/stop-vivisection.be\/wp-content\/uploads\/2016\/06\/13407204_1790238421198970_713827810395082103_n.jpg\" class=\"attachment-colormag-featured-image size-colormag-featured-image\" alt=\"\" srcset=\"https:\/\/stop-vivisection.be\/wp-content\/uploads\/2016\/06\/13407204_1790238421198970_713827810395082103_n.jpg 528w, https:\/\/stop-vivisection.be\/wp-content\/uploads\/2016\/06\/13407204_1790238421198970_713827810395082103_n-165x300.jpg 165w\" sizes=\"(max-width: 245px) 100vw, 245px\" \/><\/a>\n\t\t\t<\/div><\/figure><figure class='gallery-item'>\n\t\t\t<div class='gallery-icon landscape'>\n\t\t\t\t<a href='https:\/\/stop-vivisection.be\/index.php\/2016\/06\/12\/12-juin-2016-s-e-a-etait-presente-a-la-marche-pour-la-fermeture-des-abattoirs-organisee-a-bruxelles\/13413086_1790238124532333_5634020815119349220_n\/'><img loading=\"lazy\" decoding=\"async\" width=\"791\" height=\"445\" src=\"https:\/\/stop-vivisection.be\/wp-content\/uploads\/2016\/06\/13413086_1790238124532333_5634020815119349220_n.jpg\" class=\"attachment-colormag-featured-image size-colormag-featured-image\" alt=\"\" srcset=\"https:\/\/stop-vivisection.be\/wp-content\/uploads\/2016\/06\/13413086_1790238124532333_5634020815119349220_n.jpg 960w, https:\/\/stop-vivisection.be\/wp-content\/uploads\/2016\/06\/13413086_1790238124532333_5634020815119349220_n-300x169.jpg 300w\" sizes=\"(max-width: 791px) 100vw, 791px\" \/><\/a>\n\t\t\t<\/div><\/figure><figure class='gallery-item'>\n\t\t\t<div class='gallery-icon landscape'>\n\t\t\t\t<a href='https:\/\/stop-vivisection.be\/index.php\/2016\/06\/12\/12-juin-2016-s-e-a-etait-presente-a-la-marche-pour-la-fermeture-des-abattoirs-organisee-a-bruxelles\/13413102_1790239304532215_1341471674082678706_n\/'><img loading=\"lazy\" decoding=\"async\" width=\"791\" height=\"445\" src=\"https:\/\/stop-vivisection.be\/wp-content\/uploads\/2016\/06\/13413102_1790239304532215_1341471674082678706_n.jpg\" class=\"attachment-colormag-featured-image size-colormag-featured-image\" alt=\"\" srcset=\"https:\/\/stop-vivisection.be\/wp-content\/uploads\/2016\/06\/13413102_1790239304532215_1341471674082678706_n.jpg 960w, https:\/\/stop-vivisection.be\/wp-content\/uploads\/2016\/06\/13413102_1790239304532215_1341471674082678706_n-300x169.jpg 300w\" sizes=\"(max-width: 791px) 100vw, 791px\" \/><\/a>\n\t\t\t<\/div><\/figure><figure class='gallery-item'>\n\t\t\t<div class='gallery-icon landscape'>\n\t\t\t\t<a href='https:\/\/stop-vivisection.be\/index.php\/2016\/06\/12\/12-juin-2016-s-e-a-etait-presente-a-la-marche-pour-la-fermeture-des-abattoirs-organisee-a-bruxelles\/13413616_1790238584532287_3445345310551848477_n\/'><img loading=\"lazy\" decoding=\"async\" width=\"791\" height=\"445\" src=\"https:\/\/stop-vivisection.be\/wp-content\/uploads\/2016\/06\/13413616_1790238584532287_3445345310551848477_n.jpg\" class=\"attachment-colormag-featured-image size-colormag-featured-image\" alt=\"\" srcset=\"https:\/\/stop-vivisection.be\/wp-content\/uploads\/2016\/06\/13413616_1790238584532287_3445345310551848477_n.jpg 960w, https:\/\/stop-vivisection.be\/wp-content\/uploads\/2016\/06\/13413616_1790238584532287_3445345310551848477_n-300x169.jpg 300w\" sizes=\"(max-width: 791px) 100vw, 791px\" \/><\/a>\n\t\t\t<\/div><\/figure><figure class='gallery-item'>\n\t\t\t<div class='gallery-icon landscape'>\n\t\t\t\t<a href='https:\/\/stop-vivisection.be\/index.php\/2016\/06\/12\/12-juin-2016-s-e-a-etait-presente-a-la-marche-pour-la-fermeture-des-abattoirs-organisee-a-bruxelles\/13413705_1790239357865543_5103769378726549458_n\/'><img loading=\"lazy\" decoding=\"async\" width=\"791\" height=\"445\" src=\"https:\/\/stop-vivisection.be\/wp-content\/uploads\/2016\/06\/13413705_1790239357865543_5103769378726549458_n.jpg\" class=\"attachment-colormag-featured-image size-colormag-featured-image\" alt=\"\" srcset=\"https:\/\/stop-vivisection.be\/wp-content\/uploads\/2016\/06\/13413705_1790239357865543_5103769378726549458_n.jpg 960w, https:\/\/stop-vivisection.be\/wp-content\/uploads\/2016\/06\/13413705_1790239357865543_5103769378726549458_n-300x169.jpg 300w\" sizes=\"(max-width: 791px) 100vw, 791px\" \/><\/a>\n\t\t\t<\/div><\/figure><figure class='gallery-item'>\n\t\t\t<div class='gallery-icon landscape'>\n\t\t\t\t<a href='https:\/\/stop-vivisection.be\/index.php\/2016\/06\/12\/12-juin-2016-s-e-a-etait-presente-a-la-marche-pour-la-fermeture-des-abattoirs-organisee-a-bruxelles\/13417573_1790238274532318_5764232146330824720_n\/'><img loading=\"lazy\" decoding=\"async\" width=\"791\" height=\"445\" src=\"https:\/\/stop-vivisection.be\/wp-content\/uploads\/2016\/06\/13417573_1790238274532318_5764232146330824720_n.jpg\" class=\"attachment-colormag-featured-image size-colormag-featured-image\" alt=\"\" srcset=\"https:\/\/stop-vivisection.be\/wp-content\/uploads\/2016\/06\/13417573_1790238274532318_5764232146330824720_n.jpg 960w, https:\/\/stop-vivisection.be\/wp-content\/uploads\/2016\/06\/13417573_1790238274532318_5764232146330824720_n-300x169.jpg 300w\" sizes=\"(max-width: 791px) 100vw, 791px\" \/><\/a>\n\t\t\t<\/div><\/figure><figure class='gallery-item'>\n\t\t\t<div class='gallery-icon landscape'>\n\t\t\t\t<a href='https:\/\/stop-vivisection.be\/index.php\/2016\/06\/12\/12-juin-2016-s-e-a-etait-presente-a-la-marche-pour-la-fermeture-des-abattoirs-organisee-a-bruxelles\/13418682_1790238701198942_1845164744633506421_n\/'><img loading=\"lazy\" decoding=\"async\" width=\"791\" height=\"445\" src=\"https:\/\/stop-vivisection.be\/wp-content\/uploads\/2016\/06\/13418682_1790238701198942_1845164744633506421_n.jpg\" class=\"attachment-colormag-featured-image size-colormag-featured-image\" alt=\"\" srcset=\"https:\/\/stop-vivisection.be\/wp-content\/uploads\/2016\/06\/13418682_1790238701198942_1845164744633506421_n.jpg 960w, https:\/\/stop-vivisection.be\/wp-content\/uploads\/2016\/06\/13418682_1790238701198942_1845164744633506421_n-300x169.jpg 300w\" sizes=\"(max-width: 791px) 100vw, 791px\" \/><\/a>\n\t\t\t<\/div><\/figure><figure class='gallery-item'>\n\t\t\t<div class='gallery-icon landscape'>\n\t\t\t\t<a href='https:\/\/stop-vivisection.be\/index.php\/2016\/06\/12\/12-juin-2016-s-e-a-etait-presente-a-la-marche-pour-la-fermeture-des-abattoirs-organisee-a-bruxelles\/13418841_1790238711198941_5849039361496397423_n\/'><img loading=\"lazy\" decoding=\"async\" width=\"791\" height=\"445\" src=\"https:\/\/stop-vivisection.be\/wp-content\/uploads\/2016\/06\/13418841_1790238711198941_5849039361496397423_n.jpg\" class=\"attachment-colormag-featured-image size-colormag-featured-image\" alt=\"\" srcset=\"https:\/\/stop-vivisection.be\/wp-content\/uploads\/2016\/06\/13418841_1790238711198941_5849039361496397423_n.jpg 960w, https:\/\/stop-vivisection.be\/wp-content\/uploads\/2016\/06\/13418841_1790238711198941_5849039361496397423_n-300x169.jpg 300w\" sizes=\"(max-width: 791px) 100vw, 791px\" \/><\/a>\n\t\t\t<\/div><\/figure><figure class='gallery-item'>\n\t\t\t<div class='gallery-icon landscape'>\n\t\t\t\t<a href='https:\/\/stop-vivisection.be\/index.php\/2016\/06\/12\/12-juin-2016-s-e-a-etait-presente-a-la-marche-pour-la-fermeture-des-abattoirs-organisee-a-bruxelles\/13418924_1790238514532294_1168852646690592121_n\/'><img loading=\"lazy\" decoding=\"async\" width=\"791\" height=\"445\" src=\"https:\/\/stop-vivisection.be\/wp-content\/uploads\/2016\/06\/13418924_1790238514532294_1168852646690592121_n.jpg\" class=\"attachment-colormag-featured-image size-colormag-featured-image\" alt=\"\" srcset=\"https:\/\/stop-vivisection.be\/wp-content\/uploads\/2016\/06\/13418924_1790238514532294_1168852646690592121_n.jpg 960w, https:\/\/stop-vivisection.be\/wp-content\/uploads\/2016\/06\/13418924_1790238514532294_1168852646690592121_n-300x169.jpg 300w\" sizes=\"(max-width: 791px) 100vw, 791px\" \/><\/a>\n\t\t\t<\/div><\/figure><figure class='gallery-item'>\n\t\t\t<div class='gallery-icon landscape'>\n\t\t\t\t<a href='https:\/\/stop-vivisection.be\/index.php\/2016\/06\/12\/12-juin-2016-s-e-a-etait-presente-a-la-marche-pour-la-fermeture-des-abattoirs-organisee-a-bruxelles\/13418965_1790238251198987_8858145814509036695_n\/'><img loading=\"lazy\" decoding=\"async\" width=\"791\" height=\"445\" src=\"https:\/\/stop-vivisection.be\/wp-content\/uploads\/2016\/06\/13418965_1790238251198987_8858145814509036695_n.jpg\" class=\"attachment-colormag-featured-image size-colormag-featured-image\" alt=\"\" srcset=\"https:\/\/stop-vivisection.be\/wp-content\/uploads\/2016\/06\/13418965_1790238251198987_8858145814509036695_n.jpg 960w, https:\/\/stop-vivisection.be\/wp-content\/uploads\/2016\/06\/13418965_1790238251198987_8858145814509036695_n-300x169.jpg 300w\" sizes=\"(max-width: 791px) 100vw, 791px\" \/><\/a>\n\t\t\t<\/div><\/figure><figure class='gallery-item'>\n\t\t\t<div class='gallery-icon portrait'>\n\t\t\t\t<a href='https:\/\/stop-vivisection.be\/index.php\/2016\/06\/12\/12-juin-2016-s-e-a-etait-presente-a-la-marche-pour-la-fermeture-des-abattoirs-organisee-a-bruxelles\/13419170_1790239077865571_2477084993304367983_n\/'><img loading=\"lazy\" decoding=\"async\" width=\"245\" height=\"445\" src=\"https:\/\/stop-vivisection.be\/wp-content\/uploads\/2016\/06\/13419170_1790239077865571_2477084993304367983_n.jpg\" class=\"attachment-colormag-featured-image size-colormag-featured-image\" alt=\"\" srcset=\"https:\/\/stop-vivisection.be\/wp-content\/uploads\/2016\/06\/13419170_1790239077865571_2477084993304367983_n.jpg 528w, https:\/\/stop-vivisection.be\/wp-content\/uploads\/2016\/06\/13419170_1790239077865571_2477084993304367983_n-165x300.jpg 165w\" sizes=\"(max-width: 245px) 100vw, 245px\" \/><\/a>\n\t\t\t<\/div><\/figure><figure class='gallery-item'>\n\t\t\t<div class='gallery-icon landscape'>\n\t\t\t\t<a href='https:\/\/stop-vivisection.be\/index.php\/2016\/06\/12\/12-juin-2016-s-e-a-etait-presente-a-la-marche-pour-la-fermeture-des-abattoirs-organisee-a-bruxelles\/13419273_1790238847865594_6666522096764663773_n\/'><img loading=\"lazy\" decoding=\"async\" width=\"791\" height=\"445\" src=\"https:\/\/stop-vivisection.be\/wp-content\/uploads\/2016\/06\/13419273_1790238847865594_6666522096764663773_n.jpg\" class=\"attachment-colormag-featured-image size-colormag-featured-image\" alt=\"\" srcset=\"https:\/\/stop-vivisection.be\/wp-content\/uploads\/2016\/06\/13419273_1790238847865594_6666522096764663773_n.jpg 960w, https:\/\/stop-vivisection.be\/wp-content\/uploads\/2016\/06\/13419273_1790238847865594_6666522096764663773_n-300x169.jpg 300w\" sizes=\"(max-width: 791px) 100vw, 791px\" \/><\/a>\n\t\t\t<\/div><\/figure><figure class='gallery-item'>\n\t\t\t<div class='gallery-icon landscape'>\n\t\t\t\t<a href='https:\/\/stop-vivisection.be\/index.php\/2016\/06\/12\/12-juin-2016-s-e-a-etait-presente-a-la-marche-pour-la-fermeture-des-abattoirs-organisee-a-bruxelles\/13423834_1790238551198957_8416847156410328947_n\/'><img loading=\"lazy\" decoding=\"async\" width=\"791\" height=\"445\" src=\"https:\/\/stop-vivisection.be\/wp-content\/uploads\/2016\/06\/13423834_1790238551198957_8416847156410328947_n.jpg\" class=\"attachment-colormag-featured-image size-colormag-featured-image\" alt=\"\" srcset=\"https:\/\/stop-vivisection.be\/wp-content\/uploads\/2016\/06\/13423834_1790238551198957_8416847156410328947_n.jpg 960w, https:\/\/stop-vivisection.be\/wp-content\/uploads\/2016\/06\/13423834_1790238551198957_8416847156410328947_n-300x169.jpg 300w\" sizes=\"(max-width: 791px) 100vw, 791px\" \/><\/a>\n\t\t\t<\/div><\/figure><figure class='gallery-item'>\n\t\t\t<div class='gallery-icon portrait'>\n\t\t\t\t<a href='https:\/\/stop-vivisection.be\/index.php\/2016\/06\/12\/12-juin-2016-s-e-a-etait-presente-a-la-marche-pour-la-fermeture-des-abattoirs-organisee-a-bruxelles\/13423918_1790239197865559_1683777257139888743_n\/'><img loading=\"lazy\" decoding=\"async\" width=\"245\" height=\"445\" src=\"https:\/\/stop-vivisection.be\/wp-content\/uploads\/2016\/06\/13423918_1790239197865559_1683777257139888743_n.jpg\" class=\"attachment-colormag-featured-image size-colormag-featured-image\" alt=\"\" srcset=\"https:\/\/stop-vivisection.be\/wp-content\/uploads\/2016\/06\/13423918_1790239197865559_1683777257139888743_n.jpg 528w, https:\/\/stop-vivisection.be\/wp-content\/uploads\/2016\/06\/13423918_1790239197865559_1683777257139888743_n-165x300.jpg 165w\" sizes=\"(max-width: 245px) 100vw, 245px\" \/><\/a>\n\t\t\t<\/div><\/figure><figure class='gallery-item'>\n\t\t\t<div class='gallery-icon portrait'>\n\t\t\t\t<a href='https:\/\/stop-vivisection.be\/index.php\/2016\/06\/12\/12-juin-2016-s-e-a-etait-presente-a-la-marche-pour-la-fermeture-des-abattoirs-organisee-a-bruxelles\/13427736_1790239231198889_5713003523885470209_n\/'><img loading=\"lazy\" decoding=\"async\" width=\"245\" height=\"445\" src=\"https:\/\/stop-vivisection.be\/wp-content\/uploads\/2016\/06\/13427736_1790239231198889_5713003523885470209_n.jpg\" class=\"attachment-colormag-featured-image size-colormag-featured-image\" alt=\"\" srcset=\"https:\/\/stop-vivisection.be\/wp-content\/uploads\/2016\/06\/13427736_1790239231198889_5713003523885470209_n.jpg 528w, https:\/\/stop-vivisection.be\/wp-content\/uploads\/2016\/06\/13427736_1790239231198889_5713003523885470209_n-165x300.jpg 165w\" sizes=\"(max-width: 245px) 100vw, 245px\" \/><\/a>\n\t\t\t<\/div><\/figure><figure class='gallery-item'>\n\t\t\t<div class='gallery-icon landscape'>\n\t\t\t\t<a href='https:\/\/stop-vivisection.be\/index.php\/2016\/06\/12\/12-juin-2016-s-e-a-etait-presente-a-la-marche-pour-la-fermeture-des-abattoirs-organisee-a-bruxelles\/13427750_1790238234532322_6312469012956178028_n\/'><img loading=\"lazy\" decoding=\"async\" width=\"791\" height=\"445\" src=\"https:\/\/stop-vivisection.be\/wp-content\/uploads\/2016\/06\/13427750_1790238234532322_6312469012956178028_n.jpg\" class=\"attachment-colormag-featured-image size-colormag-featured-image\" alt=\"\" srcset=\"https:\/\/stop-vivisection.be\/wp-content\/uploads\/2016\/06\/13427750_1790238234532322_6312469012956178028_n.jpg 960w, https:\/\/stop-vivisection.be\/wp-content\/uploads\/2016\/06\/13427750_1790238234532322_6312469012956178028_n-300x169.jpg 300w\" sizes=\"(max-width: 791px) 100vw, 791px\" \/><\/a>\n\t\t\t<\/div><\/figure><figure class='gallery-item'>\n\t\t\t<div class='gallery-icon landscape'>\n\t\t\t\t<a href='https:\/\/stop-vivisection.be\/index.php\/2016\/06\/12\/12-juin-2016-s-e-a-etait-presente-a-la-marche-pour-la-fermeture-des-abattoirs-organisee-a-bruxelles\/13427813_1790238184532327_8902308087303938393_n\/'><img loading=\"lazy\" decoding=\"async\" width=\"791\" height=\"445\" src=\"https:\/\/stop-vivisection.be\/wp-content\/uploads\/2016\/06\/13427813_1790238184532327_8902308087303938393_n.jpg\" class=\"attachment-colormag-featured-image size-colormag-featured-image\" alt=\"\" srcset=\"https:\/\/stop-vivisection.be\/wp-content\/uploads\/2016\/06\/13427813_1790238184532327_8902308087303938393_n.jpg 960w, https:\/\/stop-vivisection.be\/wp-content\/uploads\/2016\/06\/13427813_1790238184532327_8902308087303938393_n-300x169.jpg 300w\" sizes=\"(max-width: 791px) 100vw, 791px\" \/><\/a>\n\t\t\t<\/div><\/figure><figure class='gallery-item'>\n\t\t\t<div class='gallery-icon landscape'>\n\t\t\t\t<a href='https:\/\/stop-vivisection.be\/index.php\/2016\/06\/12\/12-juin-2016-s-e-a-etait-presente-a-la-marche-pour-la-fermeture-des-abattoirs-organisee-a-bruxelles\/13427836_1790238331198979_4997450460977053227_n\/'><img loading=\"lazy\" decoding=\"async\" width=\"791\" height=\"445\" src=\"https:\/\/stop-vivisection.be\/wp-content\/uploads\/2016\/06\/13427836_1790238331198979_4997450460977053227_n.jpg\" class=\"attachment-colormag-featured-image size-colormag-featured-image\" alt=\"\" srcset=\"https:\/\/stop-vivisection.be\/wp-content\/uploads\/2016\/06\/13427836_1790238331198979_4997450460977053227_n.jpg 960w, https:\/\/stop-vivisection.be\/wp-content\/uploads\/2016\/06\/13427836_1790238331198979_4997450460977053227_n-300x169.jpg 300w\" sizes=\"(max-width: 791px) 100vw, 791px\" \/><\/a>\n\t\t\t<\/div><\/figure><figure class='gallery-item'>\n\t\t\t<div class='gallery-icon landscape'>\n\t\t\t\t<a href='https:\/\/stop-vivisection.be\/index.php\/2016\/06\/12\/12-juin-2016-s-e-a-etait-presente-a-la-marche-pour-la-fermeture-des-abattoirs-organisee-a-bruxelles\/13427940_1790238471198965_4771190456744774113_n\/'><img loading=\"lazy\" decoding=\"async\" width=\"791\" height=\"445\" src=\"https:\/\/stop-vivisection.be\/wp-content\/uploads\/2016\/06\/13427940_1790238471198965_4771190456744774113_n.jpg\" class=\"attachment-colormag-featured-image size-colormag-featured-image\" alt=\"\" srcset=\"https:\/\/stop-vivisection.be\/wp-content\/uploads\/2016\/06\/13427940_1790238471198965_4771190456744774113_n.jpg 960w, https:\/\/stop-vivisection.be\/wp-content\/uploads\/2016\/06\/13427940_1790238471198965_4771190456744774113_n-300x169.jpg 300w\" sizes=\"(max-width: 791px) 100vw, 791px\" \/><\/a>\n\t\t\t<\/div><\/figure><figure class='gallery-item'>\n\t\t\t<div class='gallery-icon landscape'>\n\t\t\t\t<a href='https:\/\/stop-vivisection.be\/index.php\/2016\/06\/12\/12-juin-2016-s-e-a-etait-presente-a-la-marche-pour-la-fermeture-des-abattoirs-organisee-a-bruxelles\/13427961_1790238497865629_3760150942025402379_n\/'><img loading=\"lazy\" decoding=\"async\" width=\"791\" height=\"445\" src=\"https:\/\/stop-vivisection.be\/wp-content\/uploads\/2016\/06\/13427961_1790238497865629_3760150942025402379_n.jpg\" class=\"attachment-colormag-featured-image size-colormag-featured-image\" alt=\"\" srcset=\"https:\/\/stop-vivisection.be\/wp-content\/uploads\/2016\/06\/13427961_1790238497865629_3760150942025402379_n.jpg 960w, https:\/\/stop-vivisection.be\/wp-content\/uploads\/2016\/06\/13427961_1790238497865629_3760150942025402379_n-300x169.jpg 300w\" sizes=\"(max-width: 791px) 100vw, 791px\" \/><\/a>\n\t\t\t<\/div><\/figure><figure class='gallery-item'>\n\t\t\t<div class='gallery-icon portrait'>\n\t\t\t\t<a href='https:\/\/stop-vivisection.be\/index.php\/2016\/06\/12\/12-juin-2016-s-e-a-etait-presente-a-la-marche-pour-la-fermeture-des-abattoirs-organisee-a-bruxelles\/13428001_1790239057865573_7672795638194591058_n\/'><img loading=\"lazy\" decoding=\"async\" width=\"245\" height=\"445\" src=\"https:\/\/stop-vivisection.be\/wp-content\/uploads\/2016\/06\/13428001_1790239057865573_7672795638194591058_n.jpg\" class=\"attachment-colormag-featured-image size-colormag-featured-image\" alt=\"\" srcset=\"https:\/\/stop-vivisection.be\/wp-content\/uploads\/2016\/06\/13428001_1790239057865573_7672795638194591058_n.jpg 528w, https:\/\/stop-vivisection.be\/wp-content\/uploads\/2016\/06\/13428001_1790239057865573_7672795638194591058_n-165x300.jpg 165w\" sizes=\"(max-width: 245px) 100vw, 245px\" \/><\/a>\n\t\t\t<\/div><\/figure><figure class='gallery-item'>\n\t\t\t<div class='gallery-icon portrait'>\n\t\t\t\t<a href='https:\/\/stop-vivisection.be\/index.php\/2016\/06\/12\/12-juin-2016-s-e-a-etait-presente-a-la-marche-pour-la-fermeture-des-abattoirs-organisee-a-bruxelles\/13428403_1790239181198894_8045682048587652407_n\/'><img loading=\"lazy\" decoding=\"async\" width=\"245\" height=\"445\" src=\"https:\/\/stop-vivisection.be\/wp-content\/uploads\/2016\/06\/13428403_1790239181198894_8045682048587652407_n.jpg\" class=\"attachment-colormag-featured-image size-colormag-featured-image\" alt=\"\" srcset=\"https:\/\/stop-vivisection.be\/wp-content\/uploads\/2016\/06\/13428403_1790239181198894_8045682048587652407_n.jpg 528w, https:\/\/stop-vivisection.be\/wp-content\/uploads\/2016\/06\/13428403_1790239181198894_8045682048587652407_n-165x300.jpg 165w\" sizes=\"(max-width: 245px) 100vw, 245px\" \/><\/a>\n\t\t\t<\/div><\/figure><figure class='gallery-item'>\n\t\t\t<div class='gallery-icon landscape'>\n\t\t\t\t<a href='https:\/\/stop-vivisection.be\/index.php\/2016\/06\/12\/12-juin-2016-s-e-a-etait-presente-a-la-marche-pour-la-fermeture-des-abattoirs-organisee-a-bruxelles\/13428549_1790238797865599_3237578286622628415_n\/'><img loading=\"lazy\" decoding=\"async\" width=\"791\" height=\"445\" src=\"https:\/\/stop-vivisection.be\/wp-content\/uploads\/2016\/06\/13428549_1790238797865599_3237578286622628415_n.jpg\" class=\"attachment-colormag-featured-image size-colormag-featured-image\" alt=\"\" srcset=\"https:\/\/stop-vivisection.be\/wp-content\/uploads\/2016\/06\/13428549_1790238797865599_3237578286622628415_n.jpg 960w, https:\/\/stop-vivisection.be\/wp-content\/uploads\/2016\/06\/13428549_1790238797865599_3237578286622628415_n-300x169.jpg 300w\" sizes=\"(max-width: 791px) 100vw, 791px\" \/><\/a>\n\t\t\t<\/div><\/figure><figure class='gallery-item'>\n\t\t\t<div class='gallery-icon landscape'>\n\t\t\t\t<a href='https:\/\/stop-vivisection.be\/index.php\/2016\/06\/12\/12-juin-2016-s-e-a-etait-presente-a-la-marche-pour-la-fermeture-des-abattoirs-organisee-a-bruxelles\/13432137_1790238091199003_7589189366795782935_n\/'><img loading=\"lazy\" decoding=\"async\" width=\"791\" height=\"445\" src=\"https:\/\/stop-vivisection.be\/wp-content\/uploads\/2016\/06\/13432137_1790238091199003_7589189366795782935_n.jpg\" class=\"attachment-colormag-featured-image size-colormag-featured-image\" alt=\"\" srcset=\"https:\/\/stop-vivisection.be\/wp-content\/uploads\/2016\/06\/13432137_1790238091199003_7589189366795782935_n.jpg 960w, https:\/\/stop-vivisection.be\/wp-content\/uploads\/2016\/06\/13432137_1790238091199003_7589189366795782935_n-300x169.jpg 300w\" sizes=\"(max-width: 791px) 100vw, 791px\" \/><\/a>\n\t\t\t<\/div><\/figure><figure class='gallery-item'>\n\t\t\t<div class='gallery-icon landscape'>\n\t\t\t\t<a href='https:\/\/stop-vivisection.be\/index.php\/2016\/06\/12\/12-juin-2016-s-e-a-etait-presente-a-la-marche-pour-la-fermeture-des-abattoirs-organisee-a-bruxelles\/13432272_1790238624532283_2791572688948163024_n\/'><img loading=\"lazy\" decoding=\"async\" width=\"791\" height=\"445\" src=\"https:\/\/stop-vivisection.be\/wp-content\/uploads\/2016\/06\/13432272_1790238624532283_2791572688948163024_n.jpg\" class=\"attachment-colormag-featured-image size-colormag-featured-image\" alt=\"\" srcset=\"https:\/\/stop-vivisection.be\/wp-content\/uploads\/2016\/06\/13432272_1790238624532283_2791572688948163024_n.jpg 960w, https:\/\/stop-vivisection.be\/wp-content\/uploads\/2016\/06\/13432272_1790238624532283_2791572688948163024_n-300x169.jpg 300w\" sizes=\"(max-width: 791px) 100vw, 791px\" \/><\/a>\n\t\t\t<\/div><\/figure><figure class='gallery-item'>\n\t\t\t<div class='gallery-icon landscape'>\n\t\t\t\t<a href='https:\/\/stop-vivisection.be\/index.php\/2016\/06\/12\/12-juin-2016-s-e-a-etait-presente-a-la-marche-pour-la-fermeture-des-abattoirs-organisee-a-bruxelles\/13432361_1790238311198981_2559404093937165317_n\/'><img loading=\"lazy\" decoding=\"async\" width=\"791\" height=\"445\" src=\"https:\/\/stop-vivisection.be\/wp-content\/uploads\/2016\/06\/13432361_1790238311198981_2559404093937165317_n.jpg\" class=\"attachment-colormag-featured-image size-colormag-featured-image\" alt=\"\" srcset=\"https:\/\/stop-vivisection.be\/wp-content\/uploads\/2016\/06\/13432361_1790238311198981_2559404093937165317_n.jpg 960w, https:\/\/stop-vivisection.be\/wp-content\/uploads\/2016\/06\/13432361_1790238311198981_2559404093937165317_n-300x169.jpg 300w\" sizes=\"(max-width: 791px) 100vw, 791px\" \/><\/a>\n\t\t\t<\/div><\/figure><figure class='gallery-item'>\n\t\t\t<div class='gallery-icon landscape'>\n\t\t\t\t<a href='https:\/\/stop-vivisection.be\/index.php\/2016\/06\/12\/12-juin-2016-s-e-a-etait-presente-a-la-marche-pour-la-fermeture-des-abattoirs-organisee-a-bruxelles\/13434775_1790238351198977_7909116642836147741_n\/'><img loading=\"lazy\" decoding=\"async\" width=\"791\" height=\"445\" src=\"https:\/\/stop-vivisection.be\/wp-content\/uploads\/2016\/06\/13434775_1790238351198977_7909116642836147741_n.jpg\" class=\"attachment-colormag-featured-image size-colormag-featured-image\" alt=\"\" srcset=\"https:\/\/stop-vivisection.be\/wp-content\/uploads\/2016\/06\/13434775_1790238351198977_7909116642836147741_n.jpg 960w, https:\/\/stop-vivisection.be\/wp-content\/uploads\/2016\/06\/13434775_1790238351198977_7909116642836147741_n-300x169.jpg 300w\" sizes=\"(max-width: 791px) 100vw, 791px\" \/><\/a>\n\t\t\t<\/div><\/figure><figure class='gallery-item'>\n\t\t\t<div class='gallery-icon landscape'>\n\t\t\t\t<a href='https:\/\/stop-vivisection.be\/index.php\/2016\/06\/12\/12-juin-2016-s-e-a-etait-presente-a-la-marche-pour-la-fermeture-des-abattoirs-organisee-a-bruxelles\/13435421_1790238817865597_2150287302938935559_n\/'><img loading=\"lazy\" decoding=\"async\" width=\"791\" height=\"445\" src=\"https:\/\/stop-vivisection.be\/wp-content\/uploads\/2016\/06\/13435421_1790238817865597_2150287302938935559_n.jpg\" class=\"attachment-colormag-featured-image size-colormag-featured-image\" alt=\"\" srcset=\"https:\/\/stop-vivisection.be\/wp-content\/uploads\/2016\/06\/13435421_1790238817865597_2150287302938935559_n.jpg 960w, https:\/\/stop-vivisection.be\/wp-content\/uploads\/2016\/06\/13435421_1790238817865597_2150287302938935559_n-300x169.jpg 300w\" sizes=\"(max-width: 791px) 100vw, 791px\" \/><\/a>\n\t\t\t<\/div><\/figure><figure class='gallery-item'>\n\t\t\t<div class='gallery-icon portrait'>\n\t\t\t\t<a href='https:\/\/stop-vivisection.be\/index.php\/2016\/06\/12\/12-juin-2016-s-e-a-etait-presente-a-la-marche-pour-la-fermeture-des-abattoirs-organisee-a-bruxelles\/13435444_1790239024532243_2125014840957811225_n\/'><img loading=\"lazy\" decoding=\"async\" width=\"245\" height=\"445\" src=\"https:\/\/stop-vivisection.be\/wp-content\/uploads\/2016\/06\/13435444_1790239024532243_2125014840957811225_n.jpg\" class=\"attachment-colormag-featured-image size-colormag-featured-image\" alt=\"\" srcset=\"https:\/\/stop-vivisection.be\/wp-content\/uploads\/2016\/06\/13435444_1790239024532243_2125014840957811225_n.jpg 528w, https:\/\/stop-vivisection.be\/wp-content\/uploads\/2016\/06\/13435444_1790239024532243_2125014840957811225_n-165x300.jpg 165w\" sizes=\"(max-width: 245px) 100vw, 245px\" \/><\/a>\n\t\t\t<\/div><\/figure><figure class='gallery-item'>\n\t\t\t<div class='gallery-icon landscape'>\n\t\t\t\t<a href='https:\/\/stop-vivisection.be\/index.php\/2016\/06\/12\/12-juin-2016-s-e-a-etait-presente-a-la-marche-pour-la-fermeture-des-abattoirs-organisee-a-bruxelles\/13442208_1790239151198897_5275524033206563481_n\/'><img loading=\"lazy\" decoding=\"async\" width=\"791\" height=\"445\" src=\"https:\/\/stop-vivisection.be\/wp-content\/uploads\/2016\/06\/13442208_1790239151198897_5275524033206563481_n.jpg\" class=\"attachment-colormag-featured-image size-colormag-featured-image\" alt=\"\" srcset=\"https:\/\/stop-vivisection.be\/wp-content\/uploads\/2016\/06\/13442208_1790239151198897_5275524033206563481_n.jpg 960w, https:\/\/stop-vivisection.be\/wp-content\/uploads\/2016\/06\/13442208_1790239151198897_5275524033206563481_n-300x169.jpg 300w\" sizes=\"(max-width: 791px) 100vw, 791px\" \/><\/a>\n\t\t\t<\/div><\/figure><figure class='gallery-item'>\n\t\t\t<div class='gallery-icon landscape'>\n\t\t\t\t<a href='https:\/\/stop-vivisection.be\/index.php\/2016\/06\/12\/12-juin-2016-s-e-a-etait-presente-a-la-marche-pour-la-fermeture-des-abattoirs-organisee-a-bruxelles\/13442341_1790239267865552_1067579935660831523_n\/'><img loading=\"lazy\" decoding=\"async\" width=\"791\" height=\"445\" src=\"https:\/\/stop-vivisection.be\/wp-content\/uploads\/2016\/06\/13442341_1790239267865552_1067579935660831523_n.jpg\" class=\"attachment-colormag-featured-image size-colormag-featured-image\" alt=\"\" srcset=\"https:\/\/stop-vivisection.be\/wp-content\/uploads\/2016\/06\/13442341_1790239267865552_1067579935660831523_n.jpg 960w, https:\/\/stop-vivisection.be\/wp-content\/uploads\/2016\/06\/13442341_1790239267865552_1067579935660831523_n-300x169.jpg 300w\" sizes=\"(max-width: 791px) 100vw, 791px\" \/><\/a>\n\t\t\t<\/div><\/figure><figure class='gallery-item'>\n\t\t\t<div class='gallery-icon landscape'>\n\t\t\t\t<a href='https:\/\/stop-vivisection.be\/index.php\/2016\/06\/12\/12-juin-2016-s-e-a-etait-presente-a-la-marche-pour-la-fermeture-des-abattoirs-organisee-a-bruxelles\/13445466_1790239434532202_5385521397304938510_n\/'><img loading=\"lazy\" decoding=\"async\" width=\"791\" height=\"445\" src=\"https:\/\/stop-vivisection.be\/wp-content\/uploads\/2016\/06\/13445466_1790239434532202_5385521397304938510_n.jpg\" class=\"attachment-colormag-featured-image size-colormag-featured-image\" alt=\"\" srcset=\"https:\/\/stop-vivisection.be\/wp-content\/uploads\/2016\/06\/13445466_1790239434532202_5385521397304938510_n.jpg 960w, https:\/\/stop-vivisection.be\/wp-content\/uploads\/2016\/06\/13445466_1790239434532202_5385521397304938510_n-300x169.jpg 300w\" sizes=\"(max-width: 791px) 100vw, 791px\" \/><\/a>\n\t\t\t<\/div><\/figure><figure class='gallery-item'>\n\t\t\t<div class='gallery-icon landscape'>\n\t\t\t\t<a href='https:\/\/stop-vivisection.be\/index.php\/2016\/06\/12\/12-juin-2016-s-e-a-etait-presente-a-la-marche-pour-la-fermeture-des-abattoirs-organisee-a-bruxelles\/13445538_1790238871198925_6153470472189023095_n\/'><img loading=\"lazy\" decoding=\"async\" width=\"791\" height=\"445\" src=\"https:\/\/stop-vivisection.be\/wp-content\/uploads\/2016\/06\/13445538_1790238871198925_6153470472189023095_n.jpg\" class=\"attachment-colormag-featured-image size-colormag-featured-image\" alt=\"\" srcset=\"https:\/\/stop-vivisection.be\/wp-content\/uploads\/2016\/06\/13445538_1790238871198925_6153470472189023095_n.jpg 960w, https:\/\/stop-vivisection.be\/wp-content\/uploads\/2016\/06\/13445538_1790238871198925_6153470472189023095_n-300x169.jpg 300w\" sizes=\"(max-width: 791px) 100vw, 791px\" \/><\/a>\n\t\t\t<\/div><\/figure><figure class='gallery-item'>\n\t\t\t<div class='gallery-icon portrait'>\n\t\t\t\t<a href='https:\/\/stop-vivisection.be\/index.php\/2016\/06\/12\/12-juin-2016-s-e-a-etait-presente-a-la-marche-pour-la-fermeture-des-abattoirs-organisee-a-bruxelles\/13450117_1790239087865570_688157502640582552_n\/'><img loading=\"lazy\" decoding=\"async\" width=\"245\" height=\"445\" src=\"https:\/\/stop-vivisection.be\/wp-content\/uploads\/2016\/06\/13450117_1790239087865570_688157502640582552_n.jpg\" class=\"attachment-colormag-featured-image size-colormag-featured-image\" alt=\"\" srcset=\"https:\/\/stop-vivisection.be\/wp-content\/uploads\/2016\/06\/13450117_1790239087865570_688157502640582552_n.jpg 528w, https:\/\/stop-vivisection.be\/wp-content\/uploads\/2016\/06\/13450117_1790239087865570_688157502640582552_n-165x300.jpg 165w\" sizes=\"(max-width: 245px) 100vw, 245px\" \/><\/a>\n\t\t\t<\/div><\/figure><figure class='gallery-item'>\n\t\t\t<div class='gallery-icon landscape'>\n\t\t\t\t<a href='https:\/\/stop-vivisection.be\/index.php\/2016\/06\/12\/12-juin-2016-s-e-a-etait-presente-a-la-marche-pour-la-fermeture-des-abattoirs-organisee-a-bruxelles\/13450851_1790239117865567_4018120229622733038_n\/'><img loading=\"lazy\" decoding=\"async\" width=\"791\" height=\"445\" src=\"https:\/\/stop-vivisection.be\/wp-content\/uploads\/2016\/06\/13450851_1790239117865567_4018120229622733038_n.jpg\" class=\"attachment-colormag-featured-image size-colormag-featured-image\" alt=\"\" srcset=\"https:\/\/stop-vivisection.be\/wp-content\/uploads\/2016\/06\/13450851_1790239117865567_4018120229622733038_n.jpg 960w, https:\/\/stop-vivisection.be\/wp-content\/uploads\/2016\/06\/13450851_1790239117865567_4018120229622733038_n-300x169.jpg 300w\" sizes=\"(max-width: 791px) 100vw, 791px\" \/><\/a>\n\t\t\t<\/div><\/figure><figure class='gallery-item'>\n\t\t\t<div class='gallery-icon portrait'>\n\t\t\t\t<a href='https:\/\/stop-vivisection.be\/index.php\/2016\/06\/12\/12-juin-2016-s-e-a-etait-presente-a-la-marche-pour-la-fermeture-des-abattoirs-organisee-a-bruxelles\/13450992_1790238964532249_8967485531136333175_n\/'><img loading=\"lazy\" decoding=\"async\" width=\"245\" height=\"445\" src=\"https:\/\/stop-vivisection.be\/wp-content\/uploads\/2016\/06\/13450992_1790238964532249_8967485531136333175_n.jpg\" class=\"attachment-colormag-featured-image size-colormag-featured-image\" alt=\"\" srcset=\"https:\/\/stop-vivisection.be\/wp-content\/uploads\/2016\/06\/13450992_1790238964532249_8967485531136333175_n.jpg 528w, https:\/\/stop-vivisection.be\/wp-content\/uploads\/2016\/06\/13450992_1790238964532249_8967485531136333175_n-165x300.jpg 165w\" sizes=\"(max-width: 245px) 100vw, 245px\" \/><\/a>\n\t\t\t<\/div><\/figure>\n\t\t<\/div>\n\n<\/div>\n<div class=\"pvc_clear\"><\/div>\n<p id=\"pvc_stats_421\" class=\"pvc_stats all  \" data-element-id=\"421\" style=\"\"><i class=\"pvc-stats-icon medium\" aria-hidden=\"true\"><svg aria-hidden=\"true\" focusable=\"false\" data-prefix=\"far\" data-icon=\"chart-bar\" role=\"img\" xmlns=\"http:\/\/www.w3.org\/2000\/svg\" viewBox=\"0 0 512 512\" class=\"svg-inline--fa fa-chart-bar fa-w-16 fa-2x\"><path fill=\"currentColor\" d=\"M396.8 352h22.4c6.4 0 12.8-6.4 12.8-12.8V108.8c0-6.4-6.4-12.8-12.8-12.8h-22.4c-6.4 0-12.8 6.4-12.8 12.8v230.4c0 6.4 6.4 12.8 12.8 12.8zm-192 0h22.4c6.4 0 12.8-6.4 12.8-12.8V140.8c0-6.4-6.4-12.8-12.8-12.8h-22.4c-6.4 0-12.8 6.4-12.8 12.8v198.4c0 6.4 6.4 12.8 12.8 12.8zm96 0h22.4c6.4 0 12.8-6.4 12.8-12.8V204.8c0-6.4-6.4-12.8-12.8-12.8h-22.4c-6.4 0-12.8 6.4-12.8 12.8v134.4c0 6.4 6.4 12.8 12.8 12.8zM496 400H48V80c0-8.84-7.16-16-16-16H16C7.16 64 0 71.16 0 80v336c0 17.67 14.33 32 32 32h464c8.84 0 16-7.16 16-16v-16c0-8.84-7.16-16-16-16zm-387.2-48h22.4c6.4 0 12.8-6.4 12.8-12.8v-70.4c0-6.4-6.4-12.8-12.8-12.8h-22.4c-6.4 0-12.8 6.4-12.8 12.8v70.4c0 6.4 6.4 12.8 12.8 12.8z\" class=\"\"><\/path><\/svg><\/i> <img loading=\"lazy\" decoding=\"async\" width=\"16\" height=\"16\" alt=\"Loading\" src=\"https:\/\/stop-vivisection.be\/wp-content\/plugins\/page-views-count\/ajax-loader-2x.gif\" border=0 \/><\/p>\n<div class=\"pvc_clear\"><\/div>\n","protected":false},"excerpt":{"rendered":"<p>Ce dimanche 12 juin 2016, S.E.A. \u00e9tait pr\u00e9sente \u00e0 la \u00ab\u00a0marche pour la fermeture des abattoirs\u00a0\u00bb organis\u00e9e \u00e0 Bruxelles. Merci<\/p>\n<div class=\"pvc_clear\"><\/div>\n<p id=\"pvc_stats_421\" class=\"pvc_stats all  \" data-element-id=\"421\" style=\"\"><i class=\"pvc-stats-icon medium\" aria-hidden=\"true\"><svg aria-hidden=\"true\" focusable=\"false\" data-prefix=\"far\" data-icon=\"chart-bar\" role=\"img\" xmlns=\"http:\/\/www.w3.org\/2000\/svg\" viewBox=\"0 0 512 512\" class=\"svg-inline--fa fa-chart-bar fa-w-16 fa-2x\"><path fill=\"currentColor\" d=\"M396.8 352h22.4c6.4 0 12.8-6.4 12.8-12.8V108.8c0-6.4-6.4-12.8-12.8-12.8h-22.4c-6.4 0-12.8 6.4-12.8 12.8v230.4c0 6.4 6.4 12.8 12.8 12.8zm-192 0h22.4c6.4 0 12.8-6.4 12.8-12.8V140.8c0-6.4-6.4-12.8-12.8-12.8h-22.4c-6.4 0-12.8 6.4-12.8 12.8v198.4c0 6.4 6.4 12.8 12.8 12.8zm96 0h22.4c6.4 0 12.8-6.4 12.8-12.8V204.8c0-6.4-6.4-12.8-12.8-12.8h-22.4c-6.4 0-12.8 6.4-12.8 12.8v134.4c0 6.4 6.4 12.8 12.8 12.8zM496 400H48V80c0-8.84-7.16-16-16-16H16C7.16 64 0 71.16 0 80v336c0 17.67 14.33 32 32 32h464c8.84 0 16-7.16 16-16v-16c0-8.84-7.16-16-16-16zm-387.2-48h22.4c6.4 0 12.8-6.4 12.8-12.8v-70.4c0-6.4-6.4-12.8-12.8-12.8h-22.4c-6.4 0-12.8 6.4-12.8 12.8v70.4c0 6.4 6.4 12.8 12.8 12.8z\" class=\"\"><\/path><\/svg><\/i> <img loading=\"lazy\" decoding=\"async\" width=\"16\" height=\"16\" alt=\"Loading\" src=\"https:\/\/stop-vivisection.be\/wp-content\/plugins\/page-views-count\/ajax-loader-2x.gif\" border=0 \/><\/p>\n<div class=\"pvc_clear\"><\/div>\n","protected":false},"author":2,"featured_media":422,"comment_status":"open","ping_status":"open","sticky":false,"template":"","format":"standard","meta":{"colormag_page_container_layout":"default_layout","colormag_page_sidebar_layout":"default_layout","footnotes":""},"categories":[2],"tags":[],"class_list":["post-421","post","type-post","status-publish","format-standard","has-post-thumbnail","hentry","category-manifestations"],"_links":{"self":[{"href":"https:\/\/stop-vivisection.be\/index.php\/wp-json\/wp\/v2\/posts\/421"}],"collection":[{"href":"https:\/\/stop-vivisection.be\/index.php\/wp-json\/wp\/v2\/posts"}],"about":[{"href":"https:\/\/stop-vivisection.be\/index.php\/wp-json\/wp\/v2\/types\/post"}],"author":[{"embeddable":true,"href":"https:\/\/stop-vivisection.be\/index.php\/wp-json\/wp\/v2\/users\/2"}],"replies":[{"embeddable":true,"href":"https:\/\/stop-vivisection.be\/index.php\/wp-json\/wp\/v2\/comments?post=421"}],"version-history":[{"count":1,"href":"https:\/\/stop-vivisection.be\/index.php\/wp-json\/wp\/v2\/posts\/421\/revisions"}],"predecessor-version":[{"id":464,"href":"https:\/\/stop-vivisection.be\/index.php\/wp-json\/wp\/v2\/posts\/421\/revisions\/464"}],"wp:featuredmedia":[{"embeddable":true,"href":"https:\/\/stop-vivisection.be\/index.php\/wp-json\/wp\/v2\/media\/422"}],"wp:attachment":[{"href":"https:\/\/stop-vivisection.be\/index.php\/wp-json\/wp\/v2\/media?parent=421"}],"wp:term":[{"taxonomy":"category","embeddable":true,"href":"https:\/\/stop-vivisection.be\/index.php\/wp-json\/wp\/v2\/categories?post=421"},{"taxonomy":"post_tag","embeddable":true,"href":"https:\/\/stop-vivisection.be\/index.php\/wp-json\/wp\/v2\/tags?post=421"}],"curies":[{"name":"wp","href":"https:\/\/api.w.org\/{rel}","templated":true}]}}