{"id":482,"date":"2016-06-30T11:10:57","date_gmt":"2016-06-30T10:10:57","guid":{"rendered":"http:\/\/stop-vivisection.be\/?p=482"},"modified":"2016-06-30T11:10:57","modified_gmt":"2016-06-30T10:10:57","slug":"communique-de-presse-evenement-national-une-nuit-debout-devant-les-abattoirs-la-nuit-du-30-juin-2016-sur-33-lieux-en-france-belgique-et-suisse","status":"publish","type":"post","link":"https:\/\/stop-vivisection.be\/index.php\/2016\/06\/30\/communique-de-presse-evenement-national-une-nuit-debout-devant-les-abattoirs-la-nuit-du-30-juin-2016-sur-33-lieux-en-france-belgique-et-suisse\/","title":{"rendered":"&#8211; Communiqu\u00e9 de presse &#8211; Ev\u00e9nement national \u00ab Une Nuit Debout devant les abattoirs \u00bb La nuit du 30 juin 2016 sur 33 Lieux en France, Belgique et Suisse"},"content":{"rendered":"<p><img decoding=\"async\" class=\" wp-image-577 alignleft\" src=\"http:\/\/www.apla.esy.es\/wp-content\/uploads\/2016\/06\/269life.jpg\" alt=\"269life\" width=\"110\" height=\"110\" \/><\/p>\n<p><strong>Association 269Life Lib\u00e9ration Animale <\/strong><\/p>\n<p>Si\u00e8ge social : 10 Rue Rabelais &#8211; 69003 LYON<\/p>\n<p><em>T\u00e9l. : 06.64.29.60.51<\/em><\/p>\n<p><em>Courriel : 269lifeliberationanimale@gmail.com<br \/>\n<\/em><\/p>\n<hr \/>\n<p style=\"text-align: center;\"><strong>&#8211; Communiqu\u00e9 de presse &#8211;<\/strong><\/p>\n<p style=\"text-align: center;\"><strong>Ev\u00e9nement national \u00ab Une Nuit Debout devant les abattoirs \u00bb<\/strong><\/p>\n<p style=\"text-align: center;\"><strong>La nuit du 30 juin 2016 sur 33 Lieux en France, Belgique et Suisse.<\/strong><\/p>\n<hr \/>\n<p>L\u2019association antisp\u00e9ciste \u00ab <strong>269Life Lib\u00e9ration Animale <\/strong>\u00bb organise la nuit du 30 juin 2016 une \u00ab <strong>Nuit Debout devant les abattoirs <\/strong>\u00bb. Cet \u00e9v\u00e9nement de grande envergure mobilisera 350 activistes qui seront r\u00e9partis sur 33 lieux (abattoirs priv\u00e9s et municipaux) en France, Belgique et Suisse.<\/p>\n<p><strong>D\u00e9roulement de l\u2019\u00e9v\u00e9nement.-<\/strong> Chaque fin de journ\u00e9e, des millions d&rsquo;animaux sont conduits dans les bouveries des abattoirs et attendent la fin de leur existence mis\u00e9rable dans la peur jusqu&rsquo;au lendemain matin. Alors \u00e0 la veille des grands d\u00e9parts en vacances, nous allons les veiller durant toute une nuit et partout en France afin d&rsquo;attirer l&rsquo;attention du public et des m\u00e9dias sur cet holocauste silencieux et tol\u00e9r\u00e9 par notre soci\u00e9t\u00e9 sp\u00e9ciste : celui des animaux. Ces veill\u00e9es nocturnes seront statiques et silencieuses. <strong>Elle se d\u00e9rouleront du jeudi soir 30 juin \u00e0 18h jusqu&rsquo;au vendredi 1er juillet 5h du matin<\/strong> (heure d&rsquo;ouverture des abattoirs). Des prises de paroles seront organis\u00e9es sur place ainsi que des moments de recueillement avec des bougies.<\/p>\n<p><strong>Pourquoi ?.-<\/strong> Cette action citoyenne de grande ampleur vise \u00e0 sensibiliser le public sur le sort que notre soci\u00e9t\u00e9 r\u00e9serve aux animaux. Quelques mois apr\u00e8s la diffusion des enqu\u00eates r\u00e9alis\u00e9es par L214, notre association estime qu\u2019il est essentiel de visibiliser ces endroits que sont les abattoirs afin de porter un message abolitionniste et antisp\u00e9ciste, \u00e0 savoir que le fait de manger des animaux ne va pas de soi, qu\u2019il ne s\u2019agit pas d\u2019un geste banal. Pour <strong>269 Life Lib\u00e9ration Animale<\/strong>, association connue pour ses m\u00e9thodes choc et son discours sans concessions, il est temps de passer \u00e0 l&rsquo;offensive et d&rsquo;aller au devant des oppresseurs des animaux qui font commerce de la souffrance et r\u00e9duisent les animaux \u00e0 des produits destin\u00e9s \u00e0 notre usage (leur niant ainsi toute singularit\u00e9 et dignit\u00e9). Regard\u00e9s comme des \u00eatres d\u00e9ficients au regard d\u2019un \u00ab humanisme \u00bb exacerb\u00e9 qui divinise l\u2019Homme exigeant que celui-ci vive dans le d\u00e9ni de ses origines, les animaux ne sont per\u00e7us que comme mati\u00e8re premi\u00e8re. A l\u2019heure o\u00f9 il est d\u00e9montr\u00e9 : que les animaux sont des \u00eatres sensibles capables d\u2019\u00e9motion, de sentiments et d\u2019intelligence (et qui souffrent particuli\u00e8rement dans les \u00e9levages et les abattoirs), que la consommation de viande cause des probl\u00e8me de sant\u00e9 (r\u00e9cente recommandation de l\u2019OMS qui d\u00e9clare que les produits carn\u00e9s sont canc\u00e9rig\u00e8nes) et que la production de viande g\u00e9n\u00e8re un immense d\u00e9sastre \u00e9cologique, peut-on encore croire que l\u2019acte de manger des animaux est anodin ?<\/p>\n<p><strong>Pour Tiphaine Lagarde, Pr\u00e9sidente de 269Life Lib\u00e9ration Animale <\/strong>: \u00ab <em>Il est temps aujourd\u2019hui de s\u2019interroger sur la l\u00e9gitimit\u00e9 et la n\u00e9cessit\u00e9 de la consommation de viande. En France, ce sont 3 millions d\u2019animaux par jour qui sont tu\u00e9s pour la consommation humaine. Est-ce l\u00e9gitime ? Est-ce juste ? Est-ce n\u00e9cessaire ? Par tradition et confort, nous avons d\u00e9cr\u00e9t\u00e9 que nous pouvions consommer leur chair et en faire commerce. Le choix des aliments que nous ing\u00e9rons nous conf\u00e8re d&rsquo;un c\u00f4t\u00e9 une responsabilit\u00e9 et de l&rsquo;autre un pouvoir. Le temps est venu de d\u00e9passer notre perception des animaux comme de simples objets ou des produits destin\u00e9s \u00e0 notre usage. C&rsquo;est une question de justice et d\u2019\u00e9thique !<\/em> \u00bb<\/p>\n<p><strong>Actualit\u00e9.-<\/strong> Cette action s\u2019inscrit dans l\u2019actualit\u00e9 r\u00e9cente puisque l\u2019Assembl\u00e9e nationale a valid\u00e9 la cr\u00e9ation d\u2019une commission d\u2019enqu\u00eate sur les abattoirs. Elle aura pour but d\u2019\u00e9tablir \u00ab un \u00e9tat des lieux pr\u00e9cis de la situation, proc\u00e9der \u00e0 l\u2019analyse de l\u2019efficacit\u00e9 des moyens de contr\u00f4le des r\u00e8gles sanitaires et des conditions de mises \u00e0 mort. \u00bb La cr\u00e9ation d\u2019une commission d\u2019enqu\u00eate sur les pratiques des abattoirs et leur contr\u00f4le refl\u00e8te l\u2019inqui\u00e9tude de nombreux citoyens et tient compte de leur indignation. Elle est aussi le signe que la condition des animaux, et notamment ceux tu\u00e9s par millions pour la consommation, commence enfin \u00e0 trouver une attention dans la sph\u00e8re politique.<\/p>\n<p><strong>Nos arguments.- <\/strong>L\u2019Homme n\u2019aime pas se dire que les animaux sont intelligents ou souffrent car leur exploitation lui poserait un probl\u00e8me moral. A l&rsquo;heure o\u00f9 chacun pr\u00e9tend aimer les animaux, il est frappant de constater que notre soci\u00e9t\u00e9 les traite encore plus n\u00e9gligemment que des objets. Appartenant au mouvement id\u00e9ologique que l\u2019on nomme l\u2019antisp\u00e9cisme, notre association <strong>269 Life Lib\u00e9ration Animale<\/strong> ne revendique pas simplement l\u2019am\u00e9lioration de leurs conditions d\u2019\u00e9levage : nous pensons que c\u2019est l\u2019exploitation elle-m\u00eame qui est ind\u00e9fendable et qui doit \u00eatre abolie. Les animaux sont des \u00eatres sensibles, capables d&rsquo;\u00e9motions, de sentiments, de connaissance, de raison comme les humains mais parce qu\u2019ils ne parlent pas le m\u00eame langage que nous, parce qu\u2019ils ne poussent pas toujours de cris audibles pour l\u2019oreille humaine, nous ignorons leur souffrance. Il est pourtant temps de proc\u00e9der \u00e0 une r\u00e9volution \u00e9thique et d&rsquo;inclure d\u00e9finitivement l&rsquo;animal dans notre sph\u00e8re de consid\u00e9ration morale. A travers l\u2019histoire de l\u2019humanit\u00e9, toutes les atrocit\u00e9s ont \u00e9t\u00e9 rendues possibles parce que la population d\u00e9tournait le regard d\u2019une r\u00e9alit\u00e9 trop douloureuse \u00e0 affronter. Cessons de faire de la diff\u00e9rence une in\u00e9galit\u00e9 qui nous pousse \u00e0 consid\u00e9rer les animaux comme des \u00eatres inf\u00e9rieurs.<\/p>\n<p>Les \u00eatres humains n\u2019ont pas besoin de produits d\u2019origine animale pour vivre en bonne sant\u00e9. L\u2019existence de millions de v\u00e9g\u00e9tariens et vegans dans le monde prouve qu\u2019il est possible de se nourrir sainement sans prendre part au carnage.<\/p>\n<p><strong>O\u00f9 ?.- <\/strong>Les Nuits Debout se r\u00e9partissent sur 33 abattoirs en France, Belgique et Suisse. Des groupes de veill\u00e9e ont ainsi \u00e9t\u00e9 mis en place sur plusieurs abattoirs priv\u00e9s et municipaux r\u00e9partis sur tout le territoire.<\/p>\n<p><img fetchpriority=\"high\" decoding=\"async\" class=\"size-full wp-image-578 aligncenter\" src=\"http:\/\/www.apla.esy.es\/wp-content\/uploads\/2016\/06\/PL269.jpg\" alt=\"PL269\" width=\"363\" height=\"279\" \/><\/p>\n<hr \/>\n<p><strong>Liste d\u00e9finitive des lieux pr\u00e9vus pour la \u00ab Nuit Debout devant les abattoirs \u00bb<br \/>\nle 30 juin <\/strong><strong>2016 :<br \/>\n<\/strong><\/p>\n<hr \/>\n<p><strong>1) FRANCE :<\/strong><br \/>\n&#8211; Relais principal #0 : Abattoir municipal de Saint-Etienne (42)<br \/>\n&#8211; Relais r\u00e9gion #1 : Abattoir SICAREV de Roanne (42)<br \/>\n&#8211; Relais r\u00e9gion #2 : Abattoir CHARAL de Metz (57)<br \/>\n&#8211; Relais r\u00e9gion #3 : Abattoir GASTRON\u00d4ME de Ancenis (44)<br \/>\n&#8211; Relais r\u00e9gion #4 : Abattoir GUY-HARANG \u00e0 Houdan (78)<br \/>\n&#8211; Relais r\u00e9gion #5 : Abattoir municipal de Puget-Th\u00e9niers (06)<br \/>\n&#8211; Relais r\u00e9gion #6 : Abattoir municipal de Valenciennes (59)<br \/>\n&#8211; Relais r\u00e9gion #7 : Abattoir RONSARD ILE DE FRANCE de Jouy (28)<br \/>\n&#8211; Relais r\u00e9gion #8 : Abattoir municipal de Perpignan (66)<br \/>\n&#8211; Relais r\u00e9gion #9 : Abattoir BIGARD de Feignies (59)<br \/>\n&#8211; Relais r\u00e9gion #10 : Abattoir municipal du Vigan (30)<br \/>\n&#8211; Relais r\u00e9gion #11 : Abattoir municipal d\u2019Issoire (63)<br \/>\n&#8211; Relais r\u00e9gion #12 : Abattoir COPAB de Beaune (21)<br \/>\n&#8211; Relais r\u00e9gion #13 : Abattoir BIGARD de Castres (81)<br \/>\n&#8211; Relais r\u00e9gion #14 : Abattoir ELIVIA de Villers-Bocage (14)<br \/>\n&#8211; Relais r\u00e9gion #15 : Abattoir municipal de Limoges (87)<br \/>\n&#8211; Relais r\u00e9gion #16 : Abattoir municipal de Rambervillers (88)<br \/>\n&#8211; Relais r\u00e9gion #17 : Abattoir COPVIAL de Holtzheim (67)<br \/>\n&#8211; Relais r\u00e9gion #18 : Abattoir du Haut-Rhin \u00e0 Cernay (68)<br \/>\n&#8211; Relais r\u00e9gion #19 : Abattoir municipal de Montdidier (80)<br \/>\n&#8211; Relais r\u00e9gion #20 : Abattoir SOCOPA de La Roche-sur-Yon (85)<br \/>\n&#8211; Relais r\u00e9gion #21 : Abattoir municipal de Coulommiers (77)<br \/>\n&#8211; Relais r\u00e9gion #22 : Abattoir S.A.V. Jean Roz\u00e9 de Vitr\u00e9 (35)<br \/>\n&#8211; Relais r\u00e9gion #23 : Abattoir SOCOPA \u00e0 Le Neubourg (27)<br \/>\n&#8211; Relais r\u00e9gion #24 : Soci\u00e9t\u00e9 d\u2019abattage du Pays basque \u00e0 Anglet (64)<br \/>\n&#8211; Relais r\u00e9gion #25 : Abattoir de Fleury-Les-Aubrais (45)<br \/>\n&#8211; Relais r\u00e9gion #26 : Abattoir municipal de Maul\u00e9on-Licharre (64)<br \/>\n&#8211; Relais r\u00e9gion #27 : Abattoir municipal de Bourgueil (37)<br \/>\n&#8211; Relais r\u00e9gion #29 : Abattoir municipal d\u2019Al\u00e8s (30)<\/p>\n<p><strong>2) SUISSE :<\/strong><br \/>\n&#8211; Relais Suisse #1 : Abattoir MICARNA de Fribourg<\/p>\n<p><strong>3) BELGIQUE :<\/strong><br \/>\n&#8211; Relais Belgique #1 : Abattoir d\u2019Anderlecht<\/p>\n<hr \/>\n<p><strong>Quand ? Du 30 juin 18h au 1er juillet 5h du matin<\/strong><\/p>\n<p><strong>Contact presse (informations g\u00e9n\u00e9rales) : 06.64.29.60.51 (Tiphaine Lagarde &#8211; Pr\u00e9sidente de l\u2019association organisatrice)<\/strong><\/p>\n<hr \/>\n<p><strong>A propos de 269 Life Lib\u00e9ration Animale :<\/strong> Ce mouvement international combat le sp\u00e9cisme et l&rsquo;exploitation des animaux (le fait que ceux-ci soient trait\u00e9s comme nourriture, comme mat\u00e9riaux de laboratoire, comme v\u00eatements ou comme objets de divertissements). 269 Life Lib\u00e9ration Animale appelle \u00e0 faire le choix d&rsquo;un mode de vie coh\u00e9rent, le v\u00e9ganisme, pour que des milliards d&rsquo;animaux soient \u00e9pargn\u00e9s.<\/p>\n<p>&nbsp;<\/p>\n<p><strong><em>Lien vers l\u2019\u00e9v\u00e9nement facebook <\/em><\/strong><em>: <a href=\"https:\/\/www.facebook.com\/events\/1710285359188625\/\" target=\"_blank\">https:\/\/www.facebook.com\/events\/1710285359188625\/<\/a><\/em><\/p>\n<p><strong><em>Notre page facebook <\/em><\/strong><em>: <a href=\"https:\/\/www.facebook.com\/269LIFE.LIBERATION.ANIMALE\/\" target=\"_blank\">https:\/\/www.facebook.com\/269LIFE.LIBERATION.ANIMALE\/<\/a><\/em><\/p>\n<p><strong><em>Notre site internet <\/em><\/strong><em>: <a href=\"http:\/\/269life.fr\" target=\"_blank\">http:\/\/269life.fr<\/a><\/em><\/p>\n<hr \/>\n<p>&nbsp;<\/p>\n<p>&nbsp;<\/p>\n<div class=\"pvc_clear\"><\/div>\n<p id=\"pvc_stats_482\" class=\"pvc_stats all  \" data-element-id=\"482\" style=\"\"><i class=\"pvc-stats-icon medium\" aria-hidden=\"true\"><svg aria-hidden=\"true\" focusable=\"false\" data-prefix=\"far\" data-icon=\"chart-bar\" role=\"img\" xmlns=\"http:\/\/www.w3.org\/2000\/svg\" viewBox=\"0 0 512 512\" class=\"svg-inline--fa fa-chart-bar fa-w-16 fa-2x\"><path fill=\"currentColor\" d=\"M396.8 352h22.4c6.4 0 12.8-6.4 12.8-12.8V108.8c0-6.4-6.4-12.8-12.8-12.8h-22.4c-6.4 0-12.8 6.4-12.8 12.8v230.4c0 6.4 6.4 12.8 12.8 12.8zm-192 0h22.4c6.4 0 12.8-6.4 12.8-12.8V140.8c0-6.4-6.4-12.8-12.8-12.8h-22.4c-6.4 0-12.8 6.4-12.8 12.8v198.4c0 6.4 6.4 12.8 12.8 12.8zm96 0h22.4c6.4 0 12.8-6.4 12.8-12.8V204.8c0-6.4-6.4-12.8-12.8-12.8h-22.4c-6.4 0-12.8 6.4-12.8 12.8v134.4c0 6.4 6.4 12.8 12.8 12.8zM496 400H48V80c0-8.84-7.16-16-16-16H16C7.16 64 0 71.16 0 80v336c0 17.67 14.33 32 32 32h464c8.84 0 16-7.16 16-16v-16c0-8.84-7.16-16-16-16zm-387.2-48h22.4c6.4 0 12.8-6.4 12.8-12.8v-70.4c0-6.4-6.4-12.8-12.8-12.8h-22.4c-6.4 0-12.8 6.4-12.8 12.8v70.4c0 6.4 6.4 12.8 12.8 12.8z\" class=\"\"><\/path><\/svg><\/i> <img decoding=\"async\" width=\"16\" height=\"16\" alt=\"Loading\" src=\"https:\/\/stop-vivisection.be\/wp-content\/plugins\/page-views-count\/ajax-loader-2x.gif\" border=0 \/><\/p>\n<div class=\"pvc_clear\"><\/div>\n","protected":false},"excerpt":{"rendered":"<p>Association 269Life Lib\u00e9ration Animale Si\u00e8ge social : 10 Rue Rabelais &#8211; 69003 LYON T\u00e9l. : 06.64.29.60.51 Courriel : 269lifeliberationanimale@gmail.com &#8211;<\/p>\n<div class=\"pvc_clear\"><\/div>\n<p id=\"pvc_stats_482\" class=\"pvc_stats all  \" data-element-id=\"482\" style=\"\"><i class=\"pvc-stats-icon medium\" aria-hidden=\"true\"><svg aria-hidden=\"true\" focusable=\"false\" data-prefix=\"far\" data-icon=\"chart-bar\" role=\"img\" xmlns=\"http:\/\/www.w3.org\/2000\/svg\" viewBox=\"0 0 512 512\" class=\"svg-inline--fa fa-chart-bar fa-w-16 fa-2x\"><path fill=\"currentColor\" d=\"M396.8 352h22.4c6.4 0 12.8-6.4 12.8-12.8V108.8c0-6.4-6.4-12.8-12.8-12.8h-22.4c-6.4 0-12.8 6.4-12.8 12.8v230.4c0 6.4 6.4 12.8 12.8 12.8zm-192 0h22.4c6.4 0 12.8-6.4 12.8-12.8V140.8c0-6.4-6.4-12.8-12.8-12.8h-22.4c-6.4 0-12.8 6.4-12.8 12.8v198.4c0 6.4 6.4 12.8 12.8 12.8zm96 0h22.4c6.4 0 12.8-6.4 12.8-12.8V204.8c0-6.4-6.4-12.8-12.8-12.8h-22.4c-6.4 0-12.8 6.4-12.8 12.8v134.4c0 6.4 6.4 12.8 12.8 12.8zM496 400H48V80c0-8.84-7.16-16-16-16H16C7.16 64 0 71.16 0 80v336c0 17.67 14.33 32 32 32h464c8.84 0 16-7.16 16-16v-16c0-8.84-7.16-16-16-16zm-387.2-48h22.4c6.4 0 12.8-6.4 12.8-12.8v-70.4c0-6.4-6.4-12.8-12.8-12.8h-22.4c-6.4 0-12.8 6.4-12.8 12.8v70.4c0 6.4 6.4 12.8 12.8 12.8z\" class=\"\"><\/path><\/svg><\/i> <img decoding=\"async\" width=\"16\" height=\"16\" alt=\"Loading\" src=\"https:\/\/stop-vivisection.be\/wp-content\/plugins\/page-views-count\/ajax-loader-2x.gif\" border=0 \/><\/p>\n<div class=\"pvc_clear\"><\/div>\n","protected":false},"author":2,"featured_media":483,"comment_status":"open","ping_status":"open","sticky":false,"template":"","format":"standard","meta":{"colormag_page_container_layout":"default_layout","colormag_page_sidebar_layout":"default_layout","footnotes":""},"categories":[1],"tags":[],"class_list":["post-482","post","type-post","status-publish","format-standard","has-post-thumbnail","hentry","category-presse"],"_links":{"self":[{"href":"https:\/\/stop-vivisection.be\/index.php\/wp-json\/wp\/v2\/posts\/482"}],"collection":[{"href":"https:\/\/stop-vivisection.be\/index.php\/wp-json\/wp\/v2\/posts"}],"about":[{"href":"https:\/\/stop-vivisection.be\/index.php\/wp-json\/wp\/v2\/types\/post"}],"author":[{"embeddable":true,"href":"https:\/\/stop-vivisection.be\/index.php\/wp-json\/wp\/v2\/users\/2"}],"replies":[{"embeddable":true,"href":"https:\/\/stop-vivisection.be\/index.php\/wp-json\/wp\/v2\/comments?post=482"}],"version-history":[{"count":1,"href":"https:\/\/stop-vivisection.be\/index.php\/wp-json\/wp\/v2\/posts\/482\/revisions"}],"predecessor-version":[{"id":484,"href":"https:\/\/stop-vivisection.be\/index.php\/wp-json\/wp\/v2\/posts\/482\/revisions\/484"}],"wp:featuredmedia":[{"embeddable":true,"href":"https:\/\/stop-vivisection.be\/index.php\/wp-json\/wp\/v2\/media\/483"}],"wp:attachment":[{"href":"https:\/\/stop-vivisection.be\/index.php\/wp-json\/wp\/v2\/media?parent=482"}],"wp:term":[{"taxonomy":"category","embeddable":true,"href":"https:\/\/stop-vivisection.be\/index.php\/wp-json\/wp\/v2\/categories?post=482"},{"taxonomy":"post_tag","embeddable":true,"href":"https:\/\/stop-vivisection.be\/index.php\/wp-json\/wp\/v2\/tags?post=482"}],"curies":[{"name":"wp","href":"https:\/\/api.w.org\/{rel}","templated":true}]}}